{"id":4353,"date":"2026-08-21T17:15:55","date_gmt":"2026-08-21T21:15:55","guid":{"rendered":"https:\/\/live-awp-puerto-rico.pantheonsite.io\/?post_type=press_release&#038;p=4353"},"modified":"2026-08-21T17:15:55","modified_gmt":"2026-08-21T21:15:55","slug":"juez-de-inmigracion-deniega-fianza-a-inmigrante-dominicano-con-28-anos-de-arraigo-en-puerto-rico-pese-a-reciente-decision-del-primer-circuito","status":"publish","type":"press_release","link":"https:\/\/www.aclu-pr.org\/es\/press-releases\/juez-de-inmigracion-deniega-fianza-a-inmigrante-dominicano-con-28-anos-de-arraigo-en-puerto-rico-pese-a-reciente-decision-del-primer-circuito\/","title":{"rendered":"Juez de inmigraci\u00f3n deniega fianza a inmigrante dominicano con 28 a\u00f1os de arraigo en Puerto Rico pese a reciente decisi\u00f3n del Primer Circuito"},"author":12,"featured_media":4354,"menu_order":0,"template":"","meta":{"_acf_changed":false,"_relevanssi_hide_post":"","_relevanssi_hide_content":"","_relevanssi_pin_for_all":"","_relevanssi_pin_keywords":"","_relevanssi_unpin_keywords":"","_relevanssi_related_keywords":"","_relevanssi_related_include_ids":"","_relevanssi_related_exclude_ids":"","_relevanssi_related_no_append":"","_relevanssi_related_not_related":"","_relevanssi_related_posts":"","_relevanssi_noindex_reason":""},"class_list":["post-4353","press_release","type-press_release","status-publish","has-post-thumbnail","hentry"],"acf":{"subheading":"La ACLUPR y la Cl\u00ednica de Inmigraci\u00f3n de la UPR denunciaron que la determinaci\u00f3n mantiene encarcelado a Juan Francisco Areche Minaya bajo un supuesto riesgo de fuga que no existe ","date_and_time":"2026-08-21 14:00:00","featured_image":4354,"components":[{"acf_fc_layout":"text","text":{"text":"<b>San Juan, P.R. <\/b>\u2014 La Uni\u00f3n Americana de Libertades Civiles de Puerto Rico (ACLUPR) y la Cl\u00ednica de Inmigraci\u00f3n de la Universidad de Puerto Rico (UPR) denunciaron hoy que la decisi\u00f3n del juez de inmigraci\u00f3n Elvin Talavera Peraza de denegar la fianza a Juan Francisco Areche Minaya, bajo un supuesto riesgo de fuga que no fue sustentado por la evidencia presentada en sala, se suma a un patr\u00f3n de determinaciones abusivas en los procesos migratorios en Puerto Rico que pone en entredicho la imparcialidad con la que se est\u00e1n adjudicando casos que involucran la libertad de las personas inmigrantes. \r\n\r\nAreche Minaya lleva m\u00e1s de 28 a\u00f1os residiendo en Puerto Rico, no tiene r\u00e9cord criminal, es padre de dos ciudadanos estadounidenses y es hijo de una ciudadana estadounidense. Su familia y su vida est\u00e1n establecidas en Puerto Rico. A pesar de esos v\u00ednculos y de la evidencia presentada durante la vista, Talavera Peraza determin\u00f3 que constitu\u00eda un riesgo de fuga y orden\u00f3 que continuara detenido. \r\n<blockquote>\"Cuando una persona lleva 28 a\u00f1os aqu\u00ed, no tiene r\u00e9cord criminal, tiene a sus hijos y a su madre en Puerto Rico y aun as\u00ed se le cataloga como riesgo de fuga, tenemos que cuestionar seriamente c\u00f3mo se est\u00e1n adjudicando estos casos y si las personas inmigrantes est\u00e1n recibiendo procesos verdaderamente imparciales\", afirm\u00f3 la licenciada Annette Mart\u00ednez Orabona, directora ejecutiva de la ACLUPR.  <\/blockquote>\r\nLa ACLUPR sostuvo que este tipo de determinaciones plantea serias interrogantes sobre si las personas inmigrantes est\u00e1n recibiendo ante los tribunales de inmigraci\u00f3n en Puerto Rico evaluaciones individualizadas, neutrales y genuinamente imparciales. \r\n\r\nLa decisi\u00f3n contra Areche Minaya resulta a\u00fan m\u00e1s preocupante porque la jueza federal Gina M\u00e9ndez Mir\u00f3, del Tribunal de Distrito de Estados Unidos para el Distrito de Puerto Rico, hab\u00eda intervenido previamente para impedir que el gobierno federal lo trasladara fuera de Puerto Rico y orden\u00f3 que se celebrara una vista para determinar su liberaci\u00f3n bajo fianza, luego que la ACLUPR presentada un recurso de habeas corpus.  \r\n\r\nDurante esa vista de fianza, la abogada de inmigraci\u00f3n Charito Garc\u00eda Miranda, quien dirige la Cl\u00ednica de Inmigraci\u00f3n de la UPR, present\u00f3 evidencia dirigida a demostrar que Areche Minaya no representa peligro para la comunidad ni riesgo de fuga. Sin embargo, Talavera Peraza deneg\u00f3 la fianza precisamente bajo el argumento insostenible de riesgo de fuga. \r\n\r\nAreche Minaya es padre de dos ciudadanos estadounidenses menores de edad y su madre tambi\u00e9n es ciudadana estadounidense. Su familia reside en Puerto Rico y depende de \u00e9l para apoyo econ\u00f3mico, f\u00edsico y cotidiano. Adem\u00e1s, cuenta con dos peticiones familiares I-130 previamente aprobadas. \r\n<blockquote>\u201cMi pap\u00e1 ha estado presente toda mi vida. Su familia, sus hijos, su mam\u00e1 y su vida est\u00e1n aqu\u00ed. Mantenerlo preso bajo el planteamiento de que se va a escapar, cuando todo lo que ha construido durante tantos a\u00f1os est\u00e1 en Puerto Rico, es totalmente incomprensible y falta a la verdad. Lo que queremos es que regrese con nosotros y que pueda defenderse en libertad\u201d, manifest\u00f3 Darjeerling Areche, la hija mayor de Juan Francisco.  <\/blockquote>\r\nEl hombre fue detenido el 11 de agosto mientras esperaba dentro de su propio veh\u00edculo a un amigo que compraba materiales el\u00e9ctricos en un establecimiento de San Juan. La detenci\u00f3n ocurri\u00f3 sin incidentes y Areche Minaya no se resisti\u00f3 al arresto. Seg\u00fan la petici\u00f3n de habeas corpus presentada ante el tribunal federal, ocho hombres enmascarados lo intervinieron y lo tomaron bajo custodia migratoria. La petici\u00f3n sostiene adem\u00e1s que la intervenci\u00f3n estuvo motivada racialmente.  \r\n\r\n<b>Bajo cuestionamiento la imparcialidad de los jueces de inmigraci\u00f3n<\/b> \r\n\r\nEste caso adquiere una relevancia particular porque es el primero que se argumenta en Puerto Rico luego de la decisi\u00f3n del Tribunal de Apelaciones de Estados Unidos para el Primer Circuito en Guerrero Orellana v. Moniz, emitida el 13 de agosto. \r\n\r\nEn esa decisi\u00f3n, el Primer Circuito rechaz\u00f3 la interpretaci\u00f3n del gobierno federal que pretend\u00eda someter obligatoriamente a detenci\u00f3n a personas que ya se encontraban residiendo en Estados Unidos y determin\u00f3 que, en circunstancias como las examinadas all\u00ed, la detenci\u00f3n se rige por la secci\u00f3n 1226(a) de la Ley de Inmigraci\u00f3n y Nacionalidad, que contempla la posibilidad de liberaci\u00f3n bajo fianza. \r\n\r\nAl aplicar ese precedente al caso de Areche Minaya, la jueza M\u00e9ndez Mir\u00f3 concluy\u00f3 que este hab\u00eda demostrado una probabilidad sustancial de prevalecer en su reclamo y que ten\u00eda derecho a una vista de fianza. El tribunal federal recalc\u00f3 que est\u00e1 obligado por la decisi\u00f3n del Primer Circuito. \r\n<blockquote>\u201cEl Primer Circuito acaba de dejar claro que estas personas tienen derecho a una verdadera oportunidad de solicitar su libertad. Una vista de fianza no puede convertirse en un ejercicio puramente formal en el que la conclusi\u00f3n est\u00e9 predeterminada. El derecho reconocido por el tribunal debe tener consecuencias reales en sala y la decisi\u00f3n tiene que responder a la evidencia\", sostuvo la licenciada Garc\u00eda Miranda. <\/blockquote>\r\nLa Corte de Inmigraci\u00f3n ubicada en Guaynabo cuenta actualmente con cuatro jueces de inmigraci\u00f3n, quienes son Miguel Cordero Gonz\u00e1lez, Julia Diaz Rex, Pedro J. Espinal y Elvin Talavera Peraza. \r\n\r\nA diferencia de los jueces del Tribunal de Distrito federal, los jueces de inmigraci\u00f3n forman parte del Executive Office for Immigration Review (EOIR), una dependencia del Departamento de Justicia de Estados Unidos. Para la ACLUPR, la experiencia de las personas inmigrantes detenidas en Puerto Rico obliga a examinar con particular rigor si las decisiones que restringen su libertad responden verdaderamente a evaluaciones individualizadas de la evidencia y a las garant\u00edas reconocidas por los tribunales federales. Para la organizaci\u00f3n, dichas garant\u00edas no se est\u00e1n cumpliendo.  "}}],"use_default_media_contact":true,"name":"","email":"","phone":"","address":{"address_1":"","address_2":"","city":"","state":"","zip_code":"","country":"United States"},"pgp_public_key":"","spokesperson":[3579,3564],"related_content":[],"issues":null,"toggle-pdf":true,"documents":null},"yoast_head":"<!-- This site is optimized with the Yoast SEO plugin v24.9 - https:\/\/yoast.com\/wordpress\/plugins\/seo\/ -->\n<title>Juez de inmigraci\u00f3n deniega fianza a inmigrante dominicano con 28 a\u00f1os de arraigo en Puerto Rico pese a reciente decisi\u00f3n del Primer Circuito - ACLU of Puerto Rico<\/title>\n<meta name=\"robots\" content=\"index, follow, max-snippet:-1, max-image-preview:large, max-video-preview:-1\" \/>\n<link rel=\"canonical\" href=\"https:\/\/live-awp-puerto-rico.pantheonsite.io\/es\/press-releases\/juez-de-inmigracion-deniega-fianza-a-inmigrante-dominicano-con-28-anos-de-arraigo-en-puerto-rico-pese-a-reciente-decision-del-primer-circuito\/\" \/>\n<meta property=\"og:locale\" content=\"es_ES\" \/>\n<meta property=\"og:type\" content=\"article\" \/>\n<meta property=\"og:title\" content=\"Juez de inmigraci\u00f3n deniega fianza a inmigrante dominicano con 28 a\u00f1os de arraigo en Puerto Rico pese a reciente decisi\u00f3n del Primer Circuito - ACLU of Puerto Rico\" \/>\n<meta property=\"og:description\" content=\"La ACLUPR y la Cl\u00ednica de Inmigraci\u00f3n de la UPR denunciaron que la determinaci\u00f3n mantiene encarcelado a Juan Francisco Areche Minaya bajo un supuesto riesgo de fuga que no existe\" \/>\n<meta property=\"og:url\" content=\"https:\/\/www.aclu-pr.org\/es\/press-releases\/juez-de-inmigracion-deniega-fianza-a-inmigrante-dominicano-con-28-anos-de-arraigo-en-puerto-rico-pese-a-reciente-decision-del-primer-circuito\/\" \/>\n<meta property=\"og:site_name\" content=\"ACLU of Puerto Rico\" \/>\n<meta property=\"og:image\" content=\"https:\/\/live-awp-puerto-rico.pantheonsite.io\/app\/uploads\/2026\/08\/WhatsApp-Image-2026-08-21-at-5.03.27-PM.jpeg\" \/>\n\t<meta property=\"og:image:width\" content=\"1600\" \/>\n\t<meta property=\"og:image:height\" content=\"735\" \/>\n\t<meta property=\"og:image:type\" content=\"image\/jpeg\" \/>\n<meta name=\"twitter:card\" content=\"summary_large_image\" \/>\n<script type=\"application\/ld+json\" class=\"yoast-schema-graph\">{\"@context\":\"https:\/\/schema.org\",\"@graph\":[{\"@type\":\"WebPage\",\"@id\":\"https:\/\/live-awp-puerto-rico.pantheonsite.io\/es\/press-releases\/juez-de-inmigracion-deniega-fianza-a-inmigrante-dominicano-con-28-anos-de-arraigo-en-puerto-rico-pese-a-reciente-decision-del-primer-circuito\/\",\"url\":\"https:\/\/live-awp-puerto-rico.pantheonsite.io\/es\/press-releases\/juez-de-inmigracion-deniega-fianza-a-inmigrante-dominicano-con-28-anos-de-arraigo-en-puerto-rico-pese-a-reciente-decision-del-primer-circuito\/\",\"name\":\"Juez de inmigraci\u00f3n deniega fianza a inmigrante dominicano con 28 a\u00f1os de arraigo en Puerto Rico pese a reciente decisi\u00f3n del Primer Circuito - ACLU of Puerto Rico\",\"isPartOf\":{\"@id\":\"https:\/\/www.aclu-pr.org\/#website\"},\"primaryImageOfPage\":{\"@id\":\"https:\/\/live-awp-puerto-rico.pantheonsite.io\/es\/press-releases\/juez-de-inmigracion-deniega-fianza-a-inmigrante-dominicano-con-28-anos-de-arraigo-en-puerto-rico-pese-a-reciente-decision-del-primer-circuito\/#primaryimage\"},\"image\":{\"@id\":\"https:\/\/live-awp-puerto-rico.pantheonsite.io\/es\/press-releases\/juez-de-inmigracion-deniega-fianza-a-inmigrante-dominicano-con-28-anos-de-arraigo-en-puerto-rico-pese-a-reciente-decision-del-primer-circuito\/#primaryimage\"},\"thumbnailUrl\":\"https:\/\/www.aclu-pr.org\/app\/uploads\/2026\/08\/WhatsApp-Image-2026-08-21-at-5.03.27-PM.jpeg\",\"datePublished\":\"2026-08-21T21:15:55+00:00\",\"inLanguage\":\"es-ES\",\"potentialAction\":[{\"@type\":\"ReadAction\",\"target\":[\"https:\/\/live-awp-puerto-rico.pantheonsite.io\/es\/press-releases\/juez-de-inmigracion-deniega-fianza-a-inmigrante-dominicano-con-28-anos-de-arraigo-en-puerto-rico-pese-a-reciente-decision-del-primer-circuito\/\"]}]},{\"@type\":\"ImageObject\",\"inLanguage\":\"es-ES\",\"@id\":\"https:\/\/live-awp-puerto-rico.pantheonsite.io\/es\/press-releases\/juez-de-inmigracion-deniega-fianza-a-inmigrante-dominicano-con-28-anos-de-arraigo-en-puerto-rico-pese-a-reciente-decision-del-primer-circuito\/#primaryimage\",\"url\":\"https:\/\/www.aclu-pr.org\/app\/uploads\/2026\/08\/WhatsApp-Image-2026-08-21-at-5.03.27-PM.jpeg\",\"contentUrl\":\"https:\/\/www.aclu-pr.org\/app\/uploads\/2026\/08\/WhatsApp-Image-2026-08-21-at-5.03.27-PM.jpeg\",\"width\":1600,\"height\":735,\"caption\":\"Juan Francisco Areche Minaya\"},{\"@type\":\"BreadcrumbList\",\"@id\":\"https:\/\/live-awp-puerto-rico.pantheonsite.io\/es\/press-releases\/juez-de-inmigracion-deniega-fianza-a-inmigrante-dominicano-con-28-anos-de-arraigo-en-puerto-rico-pese-a-reciente-decision-del-primer-circuito\/#breadcrumb\",\"itemListElement\":[{\"@type\":\"ListItem\",\"position\":1,\"name\":\"Press Releases\",\"item\":\"https:\/\/www.aclu-pr.org\/press-releases\/\"},{\"@type\":\"ListItem\",\"position\":2,\"name\":\"Juez de inmigraci\u00f3n deniega fianza a inmigrante dominicano con 28 a\u00f1os de arraigo en Puerto Rico pese a reciente decisi\u00f3n del Primer Circuito\"}]},{\"@type\":\"WebSite\",\"@id\":\"https:\/\/www.aclu-pr.org\/#website\",\"url\":\"https:\/\/www.aclu-pr.org\/\",\"name\":\"ACLU of Puerto Rico\",\"description\":\"\",\"potentialAction\":[{\"@type\":\"SearchAction\",\"target\":{\"@type\":\"EntryPoint\",\"urlTemplate\":\"https:\/\/www.aclu-pr.org\/?s={search_term_string}\"},\"query-input\":{\"@type\":\"PropertyValueSpecification\",\"valueRequired\":true,\"valueName\":\"search_term_string\"}}],\"inLanguage\":\"es-ES\"}]}<\/script>\n<!-- \/ Yoast SEO plugin. -->","yoast_head_json":{"title":"Juez de inmigraci\u00f3n deniega fianza a inmigrante dominicano con 28 a\u00f1os de arraigo en Puerto Rico pese a reciente decisi\u00f3n del Primer Circuito - ACLU of Puerto Rico","robots":{"index":"index","follow":"follow","max-snippet":"max-snippet:-1","max-image-preview":"max-image-preview:large","max-video-preview":"max-video-preview:-1"},"canonical":"https:\/\/live-awp-puerto-rico.pantheonsite.io\/es\/press-releases\/juez-de-inmigracion-deniega-fianza-a-inmigrante-dominicano-con-28-anos-de-arraigo-en-puerto-rico-pese-a-reciente-decision-del-primer-circuito\/","og_locale":"es_ES","og_type":"article","og_title":"Juez de inmigraci\u00f3n deniega fianza a inmigrante dominicano con 28 a\u00f1os de arraigo en Puerto Rico pese a reciente decisi\u00f3n del Primer Circuito - ACLU of Puerto Rico","og_description":"La ACLUPR y la Cl\u00ednica de Inmigraci\u00f3n de la UPR denunciaron que la determinaci\u00f3n mantiene encarcelado a Juan Francisco Areche Minaya bajo un supuesto riesgo de fuga que no existe","og_url":"https:\/\/www.aclu-pr.org\/es\/press-releases\/juez-de-inmigracion-deniega-fianza-a-inmigrante-dominicano-con-28-anos-de-arraigo-en-puerto-rico-pese-a-reciente-decision-del-primer-circuito\/","og_site_name":"ACLU of Puerto Rico","og_image":[{"width":1600,"height":735,"url":"https:\/\/live-awp-puerto-rico.pantheonsite.io\/app\/uploads\/2026\/08\/WhatsApp-Image-2026-08-21-at-5.03.27-PM.jpeg","type":"image\/jpeg"}],"twitter_card":"summary_large_image","schema":{"@context":"https:\/\/schema.org","@graph":[{"@type":"WebPage","@id":"https:\/\/live-awp-puerto-rico.pantheonsite.io\/es\/press-releases\/juez-de-inmigracion-deniega-fianza-a-inmigrante-dominicano-con-28-anos-de-arraigo-en-puerto-rico-pese-a-reciente-decision-del-primer-circuito\/","url":"https:\/\/live-awp-puerto-rico.pantheonsite.io\/es\/press-releases\/juez-de-inmigracion-deniega-fianza-a-inmigrante-dominicano-con-28-anos-de-arraigo-en-puerto-rico-pese-a-reciente-decision-del-primer-circuito\/","name":"Juez de inmigraci\u00f3n deniega fianza a inmigrante dominicano con 28 a\u00f1os de arraigo en Puerto Rico pese a reciente decisi\u00f3n del Primer Circuito - ACLU of Puerto Rico","isPartOf":{"@id":"https:\/\/www.aclu-pr.org\/#website"},"primaryImageOfPage":{"@id":"https:\/\/live-awp-puerto-rico.pantheonsite.io\/es\/press-releases\/juez-de-inmigracion-deniega-fianza-a-inmigrante-dominicano-con-28-anos-de-arraigo-en-puerto-rico-pese-a-reciente-decision-del-primer-circuito\/#primaryimage"},"image":{"@id":"https:\/\/live-awp-puerto-rico.pantheonsite.io\/es\/press-releases\/juez-de-inmigracion-deniega-fianza-a-inmigrante-dominicano-con-28-anos-de-arraigo-en-puerto-rico-pese-a-reciente-decision-del-primer-circuito\/#primaryimage"},"thumbnailUrl":"https:\/\/www.aclu-pr.org\/app\/uploads\/2026\/08\/WhatsApp-Image-2026-08-21-at-5.03.27-PM.jpeg","datePublished":"2026-08-21T21:15:55+00:00","inLanguage":"es-ES","potentialAction":[{"@type":"ReadAction","target":["https:\/\/live-awp-puerto-rico.pantheonsite.io\/es\/press-releases\/juez-de-inmigracion-deniega-fianza-a-inmigrante-dominicano-con-28-anos-de-arraigo-en-puerto-rico-pese-a-reciente-decision-del-primer-circuito\/"]}]},{"@type":"ImageObject","inLanguage":"es-ES","@id":"https:\/\/live-awp-puerto-rico.pantheonsite.io\/es\/press-releases\/juez-de-inmigracion-deniega-fianza-a-inmigrante-dominicano-con-28-anos-de-arraigo-en-puerto-rico-pese-a-reciente-decision-del-primer-circuito\/#primaryimage","url":"https:\/\/www.aclu-pr.org\/app\/uploads\/2026\/08\/WhatsApp-Image-2026-08-21-at-5.03.27-PM.jpeg","contentUrl":"https:\/\/www.aclu-pr.org\/app\/uploads\/2026\/08\/WhatsApp-Image-2026-08-21-at-5.03.27-PM.jpeg","width":1600,"height":735,"caption":"Juan Francisco Areche Minaya"},{"@type":"BreadcrumbList","@id":"https:\/\/live-awp-puerto-rico.pantheonsite.io\/es\/press-releases\/juez-de-inmigracion-deniega-fianza-a-inmigrante-dominicano-con-28-anos-de-arraigo-en-puerto-rico-pese-a-reciente-decision-del-primer-circuito\/#breadcrumb","itemListElement":[{"@type":"ListItem","position":1,"name":"Press Releases","item":"https:\/\/www.aclu-pr.org\/press-releases\/"},{"@type":"ListItem","position":2,"name":"Juez de inmigraci\u00f3n deniega fianza a inmigrante dominicano con 28 a\u00f1os de arraigo en Puerto Rico pese a reciente decisi\u00f3n del Primer Circuito"}]},{"@type":"WebSite","@id":"https:\/\/www.aclu-pr.org\/#website","url":"https:\/\/www.aclu-pr.org\/","name":"ACLU of Puerto Rico","description":"","potentialAction":[{"@type":"SearchAction","target":{"@type":"EntryPoint","urlTemplate":"https:\/\/www.aclu-pr.org\/?s={search_term_string}"},"query-input":{"@type":"PropertyValueSpecification","valueRequired":true,"valueName":"search_term_string"}}],"inLanguage":"es-ES"}]}},"distributor_meta":false,"distributor_terms":false,"distributor_media":false,"distributor_original_site_name":"ACLU of Puerto Rico","distributor_original_site_url":"https:\/\/www.aclu-pr.org\/es\/","push-errors":false,"_links":{"self":[{"href":"https:\/\/www.aclu-pr.org\/es\/wp-json\/wp\/v2\/press_release\/4353","targetHints":{"allow":["GET"]}}],"collection":[{"href":"https:\/\/www.aclu-pr.org\/es\/wp-json\/wp\/v2\/press_release"}],"about":[{"href":"https:\/\/www.aclu-pr.org\/es\/wp-json\/wp\/v2\/types\/press_release"}],"author":[{"embeddable":true,"href":"https:\/\/www.aclu-pr.org\/es\/wp-json\/wp\/v2\/users\/12"}],"version-history":[{"count":1,"href":"https:\/\/www.aclu-pr.org\/es\/wp-json\/wp\/v2\/press_release\/4353\/revisions"}],"predecessor-version":[{"id":4362,"href":"https:\/\/www.aclu-pr.org\/es\/wp-json\/wp\/v2\/press_release\/4353\/revisions\/4362"}],"acf:post":[{"embeddable":true,"href":"https:\/\/www.aclu-pr.org\/es\/wp-json\/wp\/v2\/bios\/3564"},{"embeddable":true,"href":"https:\/\/www.aclu-pr.org\/es\/wp-json\/wp\/v2\/bios\/3579"}],"wp:featuredmedia":[{"embeddable":true,"href":"https:\/\/www.aclu-pr.org\/es\/wp-json\/wp\/v2\/media\/4354"}],"wp:attachment":[{"href":"https:\/\/www.aclu-pr.org\/es\/wp-json\/wp\/v2\/media?parent=4353"}],"curies":[{"name":"wp","href":"https:\/\/api.w.org\/{rel}","templated":true}]}}